{"id":1656,"date":"2020-07-08T10:27:07","date_gmt":"2020-07-08T08:27:07","guid":{"rendered":"https:\/\/andibart.de\/?p=1656"},"modified":"2020-09-01T10:34:41","modified_gmt":"2020-09-01T08:34:41","slug":"gear-talk-bikepacking","status":"publish","type":"post","link":"https:\/\/waldstattwlan.de\/?p=1656","title":{"rendered":"Gear-Talk: Bikepacking-Taschen von Ortlieb"},"content":{"rendered":"\n<p>Ich habe seit eh und je Ortlieb-Taschen f\u00fcr meine (viel zu seltenen) Radtouren mit Gep\u00e4ck. Die letzte vor Jahren war vor \u00fcber 10 Jahren mit Oli in Irland. Meine Seitentaschen und Lenkertasche habe ich aber schon seit eher 20 Jahren. Zugegebenerma\u00dfen nicht oft genutzt, aber einfach super und im Design auch bis heute kaum ver\u00e4ndert. &#8220;Damals&#8221; gab es ja auch wenig Alternativen zu Orlieb, wenn es wasserdicht sein sollte.<\/p>\n\n\n\n<p>In den letzten Jahren gibt es &#8220;bikepacking&#8221; als neuen Trend &#8211;  eher kleine, schmale Taschen, die rund ums Rad verteilt werden und dort mit Riemen und Schnallen befestigt werden. Der erste gro\u00dfe Vorteil ist, dass man diese Taschen an R\u00e4dern befestigen kann, die nicht \u00fcber einen Gep\u00e4cktr\u00e4ger o.\u00e4. verf\u00fcgen. Der zweite gro\u00dfe Vorteil ist die bessere Gewichtsverteilung, die man damit erzielen kann (jeder der schon man gro\u00dfe Seitentaschen am Rad hat, wei\u00df wie &#8220;schwabbelig&#8221; sich das Rad dann anf\u00fchlt) und die vermutliche bessere Aerodynmaik. Man steht halt nicht im Wind wie eine Gelsenkirchener Schrankwand \ud83d\ude09<\/p>\n\n\n\n<div class=\"wp-block-image\"><figure class=\"alignright size-large is-resized\"><img loading=\"lazy\" decoding=\"async\" src=\"http:\/\/andibart.de\/wp-content\/uploads\/2020\/07\/IMG_20200603_091149_039-1024x818.jpg\" alt=\"\" class=\"wp-image-1655\" width=\"403\" height=\"322\" srcset=\"https:\/\/waldstattwlan.de\/wp-content\/uploads\/2020\/07\/IMG_20200603_091149_039-1024x818.jpg 1024w, https:\/\/waldstattwlan.de\/wp-content\/uploads\/2020\/07\/IMG_20200603_091149_039-300x240.jpg 300w, https:\/\/waldstattwlan.de\/wp-content\/uploads\/2020\/07\/IMG_20200603_091149_039-768x613.jpg 768w, https:\/\/waldstattwlan.de\/wp-content\/uploads\/2020\/07\/IMG_20200603_091149_039-680x543.jpg 680w, https:\/\/waldstattwlan.de\/wp-content\/uploads\/2020\/07\/IMG_20200603_091149_039-920x735.jpg 920w, https:\/\/waldstattwlan.de\/wp-content\/uploads\/2020\/07\/IMG_20200603_091149_039.jpg 1440w\" sizes=\"auto, (max-width: 403px) 100vw, 403px\" \/><figcaption>Die komplette bikepacking-Ausr\u00fcstung<\/figcaption><\/figure><\/div>\n\n\n\n<p>Nachdem ich im Moment f\u00fcr meine Verh\u00e4ltnisse wieder viel Rad fahre, habe ich mich mich mal ausgestattet, frei nach dem Motto &#8220;haben ist besser als brauchen&#8221; \ud83d\ude09<\/p>\n\n\n\n<p>Das ganze sieht dann jetzt so aus (alles Ortlieb, au\u00dfer es steht dabei):<\/p>\n\n\n\n<ul class=\"wp-block-list\"><li>Am Lenker: Handlebar Pack, 9 Liter (<a rel=\"noreferrer noopener\" href=\"https:\/\/www.ortlieb.com\/de\/handlebar-pack+F9921\" target=\"_blank\">https:\/\/www.ortlieb.com\/de\/handlebar-pack+F9921<\/a>, OVP 99,99 EUR) &#8211; die gro\u00dfe Varinate funktioniert an MTB-Lenkern, aber nicht an einem Dropbar (also Rennradlenker).<\/li><li>Auch am Lenker, aber nicht zu sehen: ein kleiner Extender, um daran die Vorderradlampe anzubringen (<a rel=\"noreferrer noopener\" href=\"https:\/\/www.amazon.de\/gp\/product\/B07WD38GSR\/\" target=\"_blank\">https:\/\/www.amazon.de\/gp\/product\/B07WD38GSR\/<\/a>, ca. 10 EUR)<\/li><li>daran noch das Accessory Pack (<a rel=\"noreferrer noopener\" href=\"https:\/\/www.ortlieb.com\/de\/accessory-pack\" target=\"_blank\">https:\/\/www.ortlieb.com\/de\/accessory-pack<\/a>, OVP 54,99 EUR)<\/li><li>Hinten am Lenker: zwei kleine Pouches f\u00fcr Flaschen (<a rel=\"noreferrer noopener\" href=\"https:\/\/www.amazon.de\/gp\/product\/B076MPQSZD\/\" target=\"_blank\">https:\/\/www.amazon.de\/gp\/product\/B076MPQSZD\/<\/a>, ca. 26 EUR)<\/li><li>Oben auf dem Rahmen das Cockpit Pack (<a rel=\"noreferrer noopener\" href=\"https:\/\/www.ortlieb.com\/de\/cockpit-pack\" target=\"_blank\">https:\/\/www.ortlieb.com\/de\/cockpit-pack<\/a>, OVP 49,99 EUR)<\/li><li>Im Rahmendreieck das Frame Pack, 4 Liter (<a rel=\"noreferrer noopener\" href=\"https:\/\/www.ortlieb.com\/de\/frame-pack+F9972\" target=\"_blank\">https:\/\/www.ortlieb.com\/de\/frame-pack+F9972<\/a>, OVP 99,99 EUR) &#8211; das Cannondale hat ein echt kleines Rahmedreieck, die gro\u00dfe Varinate w\u00fcrde in der Rahmengr\u00f6sse nicht passen.<\/li><li>Am Sitz: Ortlieb Seat Pack (<a rel=\"noreferrer noopener\" href=\"https:\/\/www.ortlieb.com\/de\/seat-pack+F9901\" target=\"_blank\">https:\/\/www.ortlieb.com\/de\/seat-pack+F9901<\/a>, OVP 129,99 EUR)<\/li><\/ul>\n\n\n\n<p>Also, der Spa\u00df ist mal nicht billig. Ortlieb ruft f\u00fcr das komplette Set lockere 435 bis 450 EUR auf &#8211; im Handel zahlt man dann vielleicht 20% weniger, wenn man ein Angebot findet. Immer noch kein Schnapper&#8230; Aber was bekommt man denn daf\u00fcr:<\/p>\n\n\n\n<p>Das <strong>Seatpack<\/strong> ist super. L\u00e4sst sich in 2 Minuten am Sattel festmachen, hat mit 16,5 Litern ein \u00fcppiges Volumen, oben drauf noch Riemen um eine Jacke oder irgendwelchen Kleinkram dran festzumachen. Gedacht sind diese Satteltaschen f\u00fcr gro\u00dfvolumiges, aber eher leichtes Gep\u00e4ck, also z.B. Kleidung oder einen Schlafsack. Sitzt recht fest und wackelt auch nicht, wenn im Wiegetritt das Rad in Querbewegung ger\u00e4t.<\/p>\n\n\n\n<p>Das <strong>Framepack<\/strong> ist ebenfalls top. Sitzt gut am Rad, l\u00e4sst sich auch recht einfach befestigen und daf\u00fcr gedacht, schweres kleines Zeug aufzunehmen. Dem Framepack fallen bei meinen R\u00e4dern die Trinkflaschenhalterungen zum Opfer, f\u00fcr die dann im Rahmendreieck kein Platz mehr ist. Darum die beiden Pouches, die ich dann je eine links und rechts vom Vorbau mit den Riemen der Lenkertasche befestigt habe. Die beiden Dinger sind dann auch super, die Flaschen haten da wirklich gut drin, sind aber auch gut rein und rauszunehmen. Genausogut kann man in den Taschen Riegel oder \u00e4hnliches verstauen. Coole, kleine Dinger!<\/p>\n\n\n\n<p>Das <strong>Cockpit Pack<\/strong> f\u00fcr Riegel oder Geldb\u00f6rse ist okay, aber nicht gro\u00dfartig. Es m\u00fc\u00dfte gr\u00f6\u00dfer sein, dann w\u00fcrde auch ein moderndes Smartphone reinpassen. Mein Huawei P20 ist zu gro\u00df und der Rei\u00dfverschluss ist derartig schwerg\u00e4ngig, dass man es beim Fahren kaum auf bzw. vor allem wieder zu bekommt. Aber es erf\u00fcllt seinen Zweck.<\/p>\n\n\n\n<p>Die <strong>Handlebar Pack<\/strong> ist so lala. Total nervig zu befestigen, in der kleinen Variante wirklich klein und auf dem Dropbar schlecht zu \u00f6ffnen und wieder zu schliessen. Die gro\u00dfe passt aber nicht an einen Dropbar (zumindest nicht an meinen, weil sie zu breit ist). Schlafsack und Isomatte passen da nur in der Winzausf\u00fchrung rein. Au\u00dferdem l\u00e4sst sie die Tasche (zumindest an meinem Rad) nur so befestigen, dass sie relativ weit herunterh\u00e4ngt. Und zwar so weit, dass das <strong>Accessory Pack<\/strong> mir auf dem Vorderrad vorne auf dem Rad zwei- oder dreimal aufsetzte und ich das erst nicht gemerkt habe. Jetzt hat sie unten ein Loch ;-(<\/p>\n\n\n\n<p>Ist jetzt mit Gaffatape geklebt, aber nat\u00fcrlich trotzdem murks. F\u00fcr mich sind die beiden Taschen irgendwie eine kleine Fehlkonstruktion und werden vielleicht gegen diese hier getauscht: <a rel=\"noreferrer noopener\" href=\"https:\/\/www.bike-packing.de\/revelate-designs-handlebar-harness-lenkergeschirr\" target=\"_blank\">https:\/\/www.bike-packing.de\/revelate-designs-handlebar-harness-lenkergeschirr<\/a>. Das &#8220;Geschirr&#8221; hat den Vorteil, dass man eine normale Gep\u00e4ckrolle dort befestigen und auch recht flott vom Rad abmachen kann, wenn man das Gep\u00e4ck darin schnell und komplett mal mit ins Zelt oder aufs Hotelzimmer nehmen will. Die Ortliebtasche abzubauen dauert echt ewig und ist total fummelig.<\/p>\n\n\n\n<div class=\"wp-block-image\"><figure class=\"alignleft size-large is-resized\"><img loading=\"lazy\" decoding=\"async\" src=\"http:\/\/andibart.de\/wp-content\/uploads\/2020\/07\/IMG_20200704_050148-1024x768.jpg\" alt=\"\" class=\"wp-image-1654\" width=\"356\" height=\"267\" srcset=\"https:\/\/waldstattwlan.de\/wp-content\/uploads\/2020\/07\/IMG_20200704_050148-1024x768.jpg 1024w, https:\/\/waldstattwlan.de\/wp-content\/uploads\/2020\/07\/IMG_20200704_050148-300x225.jpg 300w, https:\/\/waldstattwlan.de\/wp-content\/uploads\/2020\/07\/IMG_20200704_050148-768x576.jpg 768w, https:\/\/waldstattwlan.de\/wp-content\/uploads\/2020\/07\/IMG_20200704_050148-1536x1152.jpg 1536w, https:\/\/waldstattwlan.de\/wp-content\/uploads\/2020\/07\/IMG_20200704_050148-2048x1536.jpg 2048w, https:\/\/waldstattwlan.de\/wp-content\/uploads\/2020\/07\/IMG_20200704_050148-680x510.jpg 680w, https:\/\/waldstattwlan.de\/wp-content\/uploads\/2020\/07\/IMG_20200704_050148-920x690.jpg 920w\" sizes=\"auto, (max-width: 356px) 100vw, 356px\" \/><figcaption>Das kleine Setup&#8230;<\/figcaption><\/figure><\/div>\n\n\n\n<p>Es geht auch kleiner: Nur das <strong>Seatpack<\/strong> und eine kleine <strong>Vaude-Rahmentasche<\/strong> (<a rel=\"noreferrer noopener\" href=\"https:\/\/www.vaude.com\/de-DE\/Ausruestung\/Fahrradtaschen\/Rahmentaschen\/Cruiser-Bag?number=127120230\" target=\"_blank\">https:\/\/www.vaude.com\/de-DE\/Ausruestung\/Fahrradtaschen\/Rahmentaschen\/Cruiser-Bag?number=127120230<\/a>) und das Cockpit-Pack. Das Seatpack ist wie man sieht echt voll, aber da war auch ein Schlafsack, zwei T-Shirts, Unterw\u00e4sche, eine Hose, ein paar Schuhe und eine Waschtasche drin. In der Rahmentasche ist Platz f\u00fcr Werkzeug, Ersatzschlauch und ein wenig Kleinkram. Das reicht dann f\u00fcr einen Overnighter, bei dem man nicht draussen pennt.<\/p>\n\n\n\n<p><strong>Fazit<\/strong>: Der Krempel von Ortlieb ist <strong>teuer<\/strong>, aber vergleichbare Produkte sind nicht wirklich billiger. Die Taschen am Rad zu befestigen ist teilweise <strong>nervige Bastelei<\/strong>, da wei\u00df ich nicht, wie das bei anderen Produkten gel\u00f6st ist; h\u00e4ngt vielleicht auch vom Rad ab, wie gut zug\u00e4nglich manche Ecken und Winkel am Rahmen sind. Die <strong>Verarbeitung ist ortliebtypisch gut<\/strong> und manche <strong>Details sind auch gut gel\u00f6st<\/strong> (wie z.B. das Luftauslassventil am Seat Pack, um die Luft rauszulassen, die beim zusammenrollen das Ding sonst aufbl\u00e4hen w\u00fcrde). Teilweise sind aber auch echt grobschl\u00e4chtige Details verbaut: so finde ich die Metallhaken, mit denen man das Accessory Pack am Handlebar Pack befestigt, \u00fcberdimensioniert &#8211; aber sie tun ihren Job. Aussehen tun sie aber, als w\u00e4ren sie aus einer russischen Eisenbahnschiene von Hand gedengelt. <\/p>\n\n\n\n<p>Man bekommt <strong>nur begrenzt viel Gep\u00e4ck<\/strong> unter, und normale Isomatten und Schlafs\u00e4cke quasi gar nicht. Im Vergleich dazu ist die klassische L\u00f6sung mit Gep\u00e4cktr\u00e4ger und Seitentaschen (und vielleicht Frontrollern oder Lenkertaschen) einfacher, wenn &#8220;viel&#8221; Gep\u00e4ck inkl. Zelt oder so mit soll.<\/p>\n\n\n\n<p>In einem Satz: <strong>gut, aber nicht perfekt und teuer<\/strong>. Lohnt sich eigentlich nur, wenn man es intensiv zu nutzen gedenkt oder ein Rad hat, an dem man klassische Taschen wirklich nicht montieren kann.<\/p>\n\n\n\n<div class=\"wp-block-image\"><figure class=\"alignright size-large is-resized\"><img loading=\"lazy\" decoding=\"async\" src=\"https:\/\/andibart.de\/wp-content\/uploads\/2020\/07\/IMG_20200615_180008-1024x768.jpg\" alt=\"\" class=\"wp-image-1666\" width=\"419\" height=\"314\" srcset=\"https:\/\/waldstattwlan.de\/wp-content\/uploads\/2020\/07\/IMG_20200615_180008-1024x768.jpg 1024w, https:\/\/waldstattwlan.de\/wp-content\/uploads\/2020\/07\/IMG_20200615_180008-300x225.jpg 300w, https:\/\/waldstattwlan.de\/wp-content\/uploads\/2020\/07\/IMG_20200615_180008-768x576.jpg 768w, https:\/\/waldstattwlan.de\/wp-content\/uploads\/2020\/07\/IMG_20200615_180008-1536x1152.jpg 1536w, https:\/\/waldstattwlan.de\/wp-content\/uploads\/2020\/07\/IMG_20200615_180008-2048x1536.jpg 2048w, https:\/\/waldstattwlan.de\/wp-content\/uploads\/2020\/07\/IMG_20200615_180008-680x510.jpg 680w, https:\/\/waldstattwlan.de\/wp-content\/uploads\/2020\/07\/IMG_20200615_180008-920x690.jpg 920w\" sizes=\"auto, (max-width: 419px) 100vw, 419px\" \/><figcaption>Spart Pickup &#8211; ein Panzer auf zwei R\u00e4dern<\/figcaption><\/figure><\/div>\n\n\n\n<p>Oder, man nimmt halt direkt sowas f\u00fcrs bikepacking, da geht dann auch vorne &#8216;ne Kiste Bier rein \ud83d\ude09<\/p>\n","protected":false},"excerpt":{"rendered":"<p>Ich habe seit eh und je Ortlieb-Taschen f\u00fcr meine (viel zu seltenen) Radtouren mit Gep\u00e4ck. Die letzte vor Jahren war vor \u00fcber 10 Jahren mit Oli in Irland. Meine Seitentaschen und Lenkertasche habe ich aber schon seit eher 20 Jahren. Zugegebenerma\u00dfen nicht oft genutzt, aber einfach super und im Design auch bis heute kaum ver\u00e4ndert. [&hellip;]<\/p>\n","protected":false},"author":1,"featured_media":1665,"comment_status":"open","ping_status":"open","sticky":false,"template":"","format":"standard","meta":{"ngg_post_thumbnail":0,"jetpack_post_was_ever_published":false,"_jetpack_newsletter_access":"","_jetpack_dont_email_post_to_subs":false,"_jetpack_newsletter_tier_id":0,"_jetpack_memberships_contains_paywalled_content":false,"_jetpack_memberships_contains_paid_content":false,"footnotes":"","jetpack_publicize_message":"","jetpack_publicize_feature_enabled":true,"jetpack_social_post_already_shared":true,"jetpack_social_options":{"image_generator_settings":{"template":"highway","default_image_id":0,"font":"","enabled":false},"version":2}},"categories":[132,131],"tags":[144,143,145],"class_list":["post-1656","post","type-post","status-publish","format-standard","has-post-thumbnail","hentry","category-ausruestung","category-radeln","tag-bikepacking","tag-gear-talk","tag-ortlieb"],"jetpack_publicize_connections":[],"jetpack_featured_media_url":"https:\/\/waldstattwlan.de\/wp-content\/uploads\/2020\/07\/IMG_20200621_102414-01-scaled.jpeg","jetpack_sharing_enabled":true,"jetpack_shortlink":"https:\/\/wp.me\/p5l1cX-qI","_links":{"self":[{"href":"https:\/\/waldstattwlan.de\/index.php?rest_route=\/wp\/v2\/posts\/1656","targetHints":{"allow":["GET"]}}],"collection":[{"href":"https:\/\/waldstattwlan.de\/index.php?rest_route=\/wp\/v2\/posts"}],"about":[{"href":"https:\/\/waldstattwlan.de\/index.php?rest_route=\/wp\/v2\/types\/post"}],"author":[{"embeddable":true,"href":"https:\/\/waldstattwlan.de\/index.php?rest_route=\/wp\/v2\/users\/1"}],"replies":[{"embeddable":true,"href":"https:\/\/waldstattwlan.de\/index.php?rest_route=%2Fwp%2Fv2%2Fcomments&post=1656"}],"version-history":[{"count":16,"href":"https:\/\/waldstattwlan.de\/index.php?rest_route=\/wp\/v2\/posts\/1656\/revisions"}],"predecessor-version":[{"id":1695,"href":"https:\/\/waldstattwlan.de\/index.php?rest_route=\/wp\/v2\/posts\/1656\/revisions\/1695"}],"wp:featuredmedia":[{"embeddable":true,"href":"https:\/\/waldstattwlan.de\/index.php?rest_route=\/wp\/v2\/media\/1665"}],"wp:attachment":[{"href":"https:\/\/waldstattwlan.de\/index.php?rest_route=%2Fwp%2Fv2%2Fmedia&parent=1656"}],"wp:term":[{"taxonomy":"category","embeddable":true,"href":"https:\/\/waldstattwlan.de\/index.php?rest_route=%2Fwp%2Fv2%2Fcategories&post=1656"},{"taxonomy":"post_tag","embeddable":true,"href":"https:\/\/waldstattwlan.de\/index.php?rest_route=%2Fwp%2Fv2%2Ftags&post=1656"}],"curies":[{"name":"wp","href":"https:\/\/api.w.org\/{rel}","templated":true}]}}