{"id":1634,"date":"2020-04-06T15:15:01","date_gmt":"2020-04-06T13:15:01","guid":{"rendered":"http:\/\/andibart.de\/?p=1634"},"modified":"2020-04-06T15:34:45","modified_gmt":"2020-04-06T13:34:45","slug":"strava-april-gran-fondo-in-zeiten-von-corona","status":"publish","type":"post","link":"https:\/\/waldstattwlan.de\/?p=1634","title":{"rendered":"Strava April Gran Fondo in Zeiten von Corona"},"content":{"rendered":"\n<p>Ein Gran Fondo auf Strava ist eine &#8220;Herausforderung&#8221; (<a rel=\"noreferrer noopener\" href=\"https:\/\/www.strava.com\/challenges\" target=\"_blank\">https:\/\/www.strava.com\/challenges<\/a>) bzw. in dem Fall zusammenh\u00e4ngende Radeinheit von mindestens 100km innerhalb von 24 Stunden. Das ganze gibt es regelm\u00e4\u00dfig, also f\u00fcr jeden Monat neu als Herausforderung auf Strava. Klar Gamification erh\u00f6ht die Nutzerbindung, und wie man an mir sieht, funktioniert das ja auch&#8230;<\/p>\n\n\n\n<p>Nachdem ich dieses Jahr au\u00dfer mit meinem Brompton zum Bahnhof hin und zur\u00fcck noch gar nicht drau\u00dfen mit dem Rad unterwegs war, habe ich mir gedacht, dass es doch eine gute Idee sei, im April einfach mal einen flotten 100er zu fahren. &#8220;Flott&#8221; ist relativ, aber das lassen wir mal dahingestellt. Zumindest stolperte ich auf Strava \u00fcber die entsprechende Challange <a rel=\"noreferrer noopener\" href=\"https:\/\/www.strava.com\/challenges\/gran-fondo-April-2020\" target=\"_blank\">https:\/\/www.strava.com\/challenges\/gran-fondo-April-2020<\/a> und habe &#8220;Jetzt beitreten&#8221; geklickt \ud83d\ude09<\/p>\n\n\n\n<p>Nun ist es so, dass wir im Fr\u00fchjahr 2020 in den Zeiten der Covid-19- oder Corono-Krise leben. Dramatische und tragische Schlagzeilen, einen gro\u00dfe Wirtschaftskrise, massive Unsicherheit in allen Bereichen, geschlossene Gesch\u00e4fte, Ausgangsbeschr\u00e4nkungen oder Kontaktsperren bestimmen unseren Alltag.<\/p>\n\n\n\n<p>Ist es (moralisch) vertretbar, in solchen Zeiten Sport zu treiben? Ich glaube erstmal ist es <em>notwendig<\/em>, zumindest f\u00fcr mich. Bei aller Akzeptanz und dem Befolgen notwendiger Einschr\u00e4nkungen halte ich Sport als Ausgleich f\u00fcr die k\u00f6rperliche und auch geistige Gesundheit f\u00fcr extrem wichtig. Wir hocken seit nunmehr dreieinhalb Wochen zuhause und halten uns an die Vorgaben, zumindest soweit wir das k\u00f6nnen. Keine unn\u00f6tigen Aufenthalte draussen, einkaufen nur alleine und nicht zu zweit, nahezu totale Reduktion der pers\u00f6nlichen Sozialkontakte&#8230; Das ist nicht gesund, k\u00f6rperlich nicht und schon gar nicht f\u00fcr das Gem\u00fct. Daher steht bei uns Sport (drinnen wie drau\u00dfen) als kleiner Ausgleich auf dem festen Tagesplan. Drau\u00dfen aber nur so, dass wir auch dabei &#8220;Social-Distancing&#8221;-konform unterwegs sind:  Spazierg\u00e4nge oder Wanderungen da, wo es keine touristischen Hotspots gibt und man ergo wenig anderen Menschen \u00fcber den Weg l\u00e4uft. Zur Not kann man sich in Wald und Feld ja auch gut aus dem Wege gehen. <\/p>\n\n\n\n<p>Und bei mir ist es so, dass ich nach einer halben Stunde Wandern oder auf dem Rad nicht mehr an all die Schei\u00dfe denke, mit dem einen die Nachrichten momentan pausenlos zuballern, sondern ans Wandern oder Radfahren oder auch mal an genau gar nichts.<\/p>\n\n\n\n<p>Wie sieht es also mit Rennradfahren aus? Genauso. Definitiv ein gesunder Sport, \u00fcberschaubares Risiko und da ich eh fast immer alleine unterwegs bin, funktioniert auch das Social Distancing.<\/p>\n\n\n\n<p>Nochmal zur\u00fcckkommend auf den moralischen Aspekt sehe ich das f\u00fcr mich so, dass es unabh\u00e4ngig von einer Corona-Krise jederzeit so viele Krisen auf der Welt gibt, so viel tragisches und trauriges t\u00e4glich passiert, dass man entweder nie oder immer etwas f\u00fcr sich tun darf, ohne deswegen ein schlechtes Gewissen zu haben. Es ist zu vermeiden, etwas zu tun, mit dem man das Gesundheitssystem unn\u00f6tig belasten w\u00fcrde, aber Individualsport ohne besondere Risiken finde ich v\u00f6llig ok. Und ich ann ja das eine tun, ohne das andere zu lassen, sprich mich verantwortlich und empathisch zu verhalten.<\/p>\n\n\n\n<p>Also, der April Gran Fondo. 100 km am St\u00fcck auf dem Rad. Dieses Jahr noch keine sportliche Radtour draussen gemacht, aber direkt mal 100 km &#8211; beste Voraussetzungen \ud83d\ude09<\/p>\n\n\n\n<p>Da passte es ganz gut, dass wir gestern in die Eifel mussten und ich dann einfach mit Rad zur\u00fcck konnte. Mit einer kleinen Extra-Schleife kommt man dabei auch auf \u00fcber 100km und das bei einer \u00e4u\u00dferst hilfreichen negativen H\u00f6henmeterbilanz (sprich, es geht mehr bergab als bergauf) &#8211; trotzdem waren es noch gute 760Hm bergauf&#8230; \ud83d\ude09<\/p>\n\n\n\n<p>Lange Rede, gar kein Sinn, hier die Tour von gestern:<\/p>\n\n\n\n<p> <iframe loading=\"lazy\" allowtransparency=\"true\" scrolling=\"no\" src=\"https:\/\/www.strava.com\/activities\/3258760824\/embed\/7c37a843b6551d015b89b8f8f220a7d30b530a02\" width=\"590\" height=\"405\" frameborder=\"0\"><\/iframe><\/p>\n","protected":false},"excerpt":{"rendered":"<p>Ein Gran Fondo auf Strava ist eine &#8220;Herausforderung&#8221; (https:\/\/www.strava.com\/challenges) bzw. in dem Fall zusammenh\u00e4ngende Radeinheit von mindestens 100km innerhalb von 24 Stunden. Das ganze gibt es regelm\u00e4\u00dfig, also f\u00fcr jeden Monat neu als Herausforderung auf Strava. Klar Gamification erh\u00f6ht die Nutzerbindung, und wie man an mir sieht, funktioniert das ja auch&#8230; Nachdem ich dieses Jahr [&hellip;]<\/p>\n","protected":false},"author":1,"featured_media":1637,"comment_status":"open","ping_status":"open","sticky":false,"template":"","format":"standard","meta":{"ngg_post_thumbnail":0,"jetpack_post_was_ever_published":false,"_jetpack_newsletter_access":"","_jetpack_dont_email_post_to_subs":false,"_jetpack_newsletter_tier_id":0,"_jetpack_memberships_contains_paywalled_content":false,"_jetpack_memberships_contains_paid_content":false,"footnotes":"","jetpack_publicize_message":"","jetpack_publicize_feature_enabled":true,"jetpack_social_post_already_shared":true,"jetpack_social_options":{"image_generator_settings":{"template":"highway","default_image_id":0,"font":"","enabled":false},"version":2}},"categories":[131,1,129],"tags":[140,139,141,138],"class_list":["post-1634","post","type-post","status-publish","format-standard","has-post-thumbnail","hentry","category-radeln","category-reisen","category-sport-outdoor","tag-100km","tag-gran-fondo","tag-rennrad","tag-strava"],"jetpack_publicize_connections":[],"jetpack_featured_media_url":"https:\/\/waldstattwlan.de\/wp-content\/uploads\/2020\/04\/IMG_20200405_120800-scaled.jpg","jetpack_sharing_enabled":true,"jetpack_shortlink":"https:\/\/wp.me\/p5l1cX-qm","_links":{"self":[{"href":"https:\/\/waldstattwlan.de\/index.php?rest_route=\/wp\/v2\/posts\/1634","targetHints":{"allow":["GET"]}}],"collection":[{"href":"https:\/\/waldstattwlan.de\/index.php?rest_route=\/wp\/v2\/posts"}],"about":[{"href":"https:\/\/waldstattwlan.de\/index.php?rest_route=\/wp\/v2\/types\/post"}],"author":[{"embeddable":true,"href":"https:\/\/waldstattwlan.de\/index.php?rest_route=\/wp\/v2\/users\/1"}],"replies":[{"embeddable":true,"href":"https:\/\/waldstattwlan.de\/index.php?rest_route=%2Fwp%2Fv2%2Fcomments&post=1634"}],"version-history":[{"count":3,"href":"https:\/\/waldstattwlan.de\/index.php?rest_route=\/wp\/v2\/posts\/1634\/revisions"}],"predecessor-version":[{"id":1639,"href":"https:\/\/waldstattwlan.de\/index.php?rest_route=\/wp\/v2\/posts\/1634\/revisions\/1639"}],"wp:featuredmedia":[{"embeddable":true,"href":"https:\/\/waldstattwlan.de\/index.php?rest_route=\/wp\/v2\/media\/1637"}],"wp:attachment":[{"href":"https:\/\/waldstattwlan.de\/index.php?rest_route=%2Fwp%2Fv2%2Fmedia&parent=1634"}],"wp:term":[{"taxonomy":"category","embeddable":true,"href":"https:\/\/waldstattwlan.de\/index.php?rest_route=%2Fwp%2Fv2%2Fcategories&post=1634"},{"taxonomy":"post_tag","embeddable":true,"href":"https:\/\/waldstattwlan.de\/index.php?rest_route=%2Fwp%2Fv2%2Ftags&post=1634"}],"curies":[{"name":"wp","href":"https:\/\/api.w.org\/{rel}","templated":true}]}}