{"id":1620,"date":"2019-09-06T21:00:08","date_gmt":"2019-09-06T19:00:08","guid":{"rendered":"http:\/\/andibart.de\/?p=1620"},"modified":"2020-04-06T17:41:35","modified_gmt":"2020-04-06T15:41:35","slug":"eine-woche-auf-dem-noerdlichen-kungsleden-kebnekaise-nikkaluokta","status":"publish","type":"post","link":"https:\/\/waldstattwlan.de\/?p=1620","title":{"rendered":"Eine Woche auf dem n\u00f6rdlichen Kungsleden: Kebnekaise \u2013 Nikkaluokta"},"content":{"rendered":"\n<p><strong>Freitag, 6.9.19, Etappe 7: Kebnekaise \u2013 Nikkaluokta, 19,1km<\/strong><br>Die letzte Etappe. Ein kleiner Blues \u00fcberf\u00e4llt mich, als ich morgens loslaufe. Es hat die ganze Nacht geregnet und erst morgens gegen 7 oder 8 aufgeh\u00f6rt. Es ist relativ kalt und hat bis auf vielleicht 200 Meter \u00fcber der H\u00fctte runtergeschneit. Es ist sehr wolkig und eine zum Teil echt mystische Stimmung.<br><br>Der Weg l\u00e4uft sich heute fast von alleine, ist aber auch recht gut zu laufen, also lange nicht so verblockt und ger\u00f6llig wie zwischendurch teilweise. Am Ende des Ladtjojaure-Sees liegt das Enoks (<a rel=\"noreferrer noopener\" href=\"http:\/\/www.enoks.se\/en\/\" target=\"_blank\">http:\/\/www.enoks.se\/en\/<\/a>), ein samisches (nicht \u201el\u00e4ppisches\u201c) Restaurant, bei dem ich 5km vorm Ziel mir einen Rentierburger, eine Cola und eine Kaffee g\u00f6nne. Lecker! Die letzten km sind flott gegangen, sind auch eh nur noch derer 5. Der Weg durch den Birkenwald ist einfach und tats\u00e4chlich sehe ich nochmal Rentiere, diesmal sogar auch mal von nahem, wenn auch im Wald und oft verdeckt. Aber hey, das ist cool!<br><br>In Nikkaluotkta angekommen gibt es nat\u00fcrlich ein Foto unterm \u201eTor\u201c, ich beziehe eine Ferienwohnung f\u00fcr mich alleine, genie\u00dfe die Dusche, sortiere mein Zeug (ist einfach, sauber ist eh quasi nix mehr), kaufe ein paar Mitbringesel im Shop ein (sch\u00f6ne, aber nicht g\u00fcnstige Sachen eher aus der Rubrik \u201eKunsthandwerk\u201c) und esse abends den vorletzten Beutel Treckingnahrung.<\/p>\n\n\n\n<figure class=\"wp-block-image\"><img decoding=\"async\" src=\"https:\/\/andreascloos.de\/wp-content\/uploads\/2019\/10\/20190906-IMG_0498-e1571848230785.jpg\" alt=\"\"\/><\/figure>\n\n\n\n<figure class=\"wp-block-image\"><img decoding=\"async\" src=\"https:\/\/andreascloos.de\/wp-content\/uploads\/2019\/10\/20190906-IMG_20190906_074541-e1571848242218.jpg\" alt=\"\"\/><\/figure>\n\n\n\n<p><a href=\"https:\/\/www.komoot.de\/tour\/92060670\">https:\/\/www.komoot.de\/tour\/92060670<\/a><\/p>\n\n\n\n<p><a href=\"https:\/\/www.strava.com\/activities\/2685177733\">https:\/\/www.strava.com\/activities\/2685177733<\/a><\/p>\n","protected":false},"excerpt":{"rendered":"<p>Freitag, 6.9.19, Etappe 7: Kebnekaise \u2013 Nikkaluokta, 19,1kmDie letzte Etappe. Ein kleiner Blues \u00fcberf\u00e4llt mich, als ich morgens loslaufe. Es hat die ganze Nacht geregnet und erst morgens gegen 7 oder 8 aufgeh\u00f6rt. Es ist relativ kalt und hat bis auf vielleicht 200 Meter \u00fcber der H\u00fctte runtergeschneit. Es ist sehr wolkig und eine zum [&hellip;]<\/p>\n","protected":false},"author":1,"featured_media":0,"comment_status":"open","ping_status":"open","sticky":false,"template":"","format":"standard","meta":{"ngg_post_thumbnail":0,"jetpack_post_was_ever_published":false,"_jetpack_newsletter_access":"","_jetpack_dont_email_post_to_subs":false,"_jetpack_newsletter_tier_id":0,"_jetpack_memberships_contains_paywalled_content":false,"_jetpack_memberships_contains_paid_content":false,"footnotes":"","jetpack_publicize_message":"","jetpack_publicize_feature_enabled":true,"jetpack_social_post_already_shared":true,"jetpack_social_options":{"image_generator_settings":{"template":"highway","default_image_id":0,"font":"","enabled":false},"version":2}},"categories":[1,129,130],"tags":[142,135,8,134,133],"class_list":["post-1620","post","type-post","status-publish","format-standard","hentry","category-reisen","category-sport-outdoor","category-wandern","tag-kungsleden","tag-lappland","tag-reisen-2","tag-schweden","tag-wandern"],"jetpack_publicize_connections":[],"jetpack_featured_media_url":"","jetpack_sharing_enabled":true,"jetpack_shortlink":"https:\/\/wp.me\/p5l1cX-q8","_links":{"self":[{"href":"https:\/\/waldstattwlan.de\/index.php?rest_route=\/wp\/v2\/posts\/1620","targetHints":{"allow":["GET"]}}],"collection":[{"href":"https:\/\/waldstattwlan.de\/index.php?rest_route=\/wp\/v2\/posts"}],"about":[{"href":"https:\/\/waldstattwlan.de\/index.php?rest_route=\/wp\/v2\/types\/post"}],"author":[{"embeddable":true,"href":"https:\/\/waldstattwlan.de\/index.php?rest_route=\/wp\/v2\/users\/1"}],"replies":[{"embeddable":true,"href":"https:\/\/waldstattwlan.de\/index.php?rest_route=%2Fwp%2Fv2%2Fcomments&post=1620"}],"version-history":[{"count":2,"href":"https:\/\/waldstattwlan.de\/index.php?rest_route=\/wp\/v2\/posts\/1620\/revisions"}],"predecessor-version":[{"id":1641,"href":"https:\/\/waldstattwlan.de\/index.php?rest_route=\/wp\/v2\/posts\/1620\/revisions\/1641"}],"wp:attachment":[{"href":"https:\/\/waldstattwlan.de\/index.php?rest_route=%2Fwp%2Fv2%2Fmedia&parent=1620"}],"wp:term":[{"taxonomy":"category","embeddable":true,"href":"https:\/\/waldstattwlan.de\/index.php?rest_route=%2Fwp%2Fv2%2Fcategories&post=1620"},{"taxonomy":"post_tag","embeddable":true,"href":"https:\/\/waldstattwlan.de\/index.php?rest_route=%2Fwp%2Fv2%2Ftags&post=1620"}],"curies":[{"name":"wp","href":"https:\/\/api.w.org\/{rel}","templated":true}]}}