{"id":1614,"date":"2019-09-03T20:54:00","date_gmt":"2019-09-03T18:54:00","guid":{"rendered":"http:\/\/andibart.de\/?p=1614"},"modified":"2020-04-01T21:05:28","modified_gmt":"2020-04-01T19:05:28","slug":"eine-woche-auf-dem-noerdlichen-kungsleden-tjaetka-saelka","status":"publish","type":"post","link":"https:\/\/waldstattwlan.de\/?p=1614","title":{"rendered":"Eine Woche auf dem n\u00f6rdlichen Kungsleden: Tj\u00e4tka \u2013 S\u00e4lka"},"content":{"rendered":"\n<p><strong>Dienstag, 3.9.19, Etappe 4: Tj\u00e4tkja \u2013 S\u00e4lka, 13,4km<br><\/strong>Sehr fr\u00fch aus dem Zelt raus. Die Nacht war kalt, aber ok. Gut geschlafen, aber ich werde nachts immer mal wieder wach. Zum ersten Mal hatte ich die lange Unterw\u00e4sche an und mir unten \u00fcber den Schlafsack die zugezogene Steppjacke gezogen.<\/p>\n\n\n\n<p>Inklusive Fr\u00fchst\u00fcck und Zeltabbau bin ich schon vor neun Uhr los. Von der H\u00fctte zur Passh\u00f6he ist es ja nun wirklich nicht so weit. Nach 4 km ist diese schon erreicht. Der h\u00f6chste Punkt des Kungsledens. Im Wanderf\u00fchrer stand was von lang und steil, aber der letzte Aufstieg zur Passh\u00f6he \u00fcber zwei Serpentinen war zwar steil aber eher kurz. Auf einmal war ich oben. Oben auf der Passh\u00f6he steht eine kleine Schutzh\u00fctte, in der man nur im Notfall \u00fcbernachten darf. Direkt von der Passh\u00f6he ist die Aussicht ins vor mir liegende Tal noch nicht ganz so doll, sch\u00f6ner wird sie, wenn man mal 100 oder 200 Meter weiter gegangen ist. Daf\u00fcr habe ich oben auf der Passh\u00f6he die Softshell gegen die Hardshell getauscht, weil der Wind, der von vorne kam, so heftig geblasen hat, dass es durch die Softshell einfach durchgepustet hat. Und ab hier kamen zum ersten Mal die Handschuhe zum Einsatz, weil mir ohne echt die Flossen abgefroren sind\u2026<\/p>\n\n\n\n<p>Der Abstieg von der Passh\u00f6he ist mit etwas alpiner Erfahrung unschwierig, der Weg war nass, weil es auf dieser Seite des Passes wohl k\u00fcrzlich noch geregnet hatte, aber mit ein bisschen Aufpassen geht das schon. Irgendwann, vielleicht so ein km nach der Passh\u00f6he fiel mir auf, dass ich au\u00dfer dem Wind einfach gar nichts h\u00f6re. Nichts. Kein Vogel, keine anderen Menschen, kein Hubschrauber. Nichts. Ich musste einfach mal stehen bleiben und h\u00f6ren, wie ich nichts h\u00f6re. Abgefahren und total toll.<br><br>Der Weg zur S\u00e4lk\u00e4-H\u00fctte wird zunehmend gr\u00fcner bzw. herbstfarbener. Man steigt ab und die Vegetation nimmt zu. Und hey, endlich sehe ich Rentiere. Relativ weit weg, aber immerhin! Yippie! Tolle Landschaft und kurz vor der H\u00fctte sehe ich einen Typen in STF-Klamotten beeren sammeln. Ich gr\u00fc\u00dfe, zur\u00fcck kommt nichts. Es f\u00e4llt mir eh auf, dass die meisten Wanderer, die ich unterwegs treffe, nicht gr\u00fc\u00dfen. Das ist in den Alpen oder so eher anders.<br><br>Heute penne ich mal in der H\u00fctte. Im Nachhinein wei\u00df ich gar nicht so richtig, warum und als ich abends im Stockbett liege und die Luft im Zimmer ehr muffig ist (kein Wunder, mit 5 anderen Wanderern zusammen) \u00e4rgere ich mich auch \u00fcber mich selbst.<\/p>\n\n\n\n<figure class=\"wp-block-image\"><img decoding=\"async\" src=\"https:\/\/andreascloos.de\/wp-content\/uploads\/2019\/10\/20190903-IMG_0255-e1571847520568.jpg\" alt=\"\"\/><\/figure>\n\n\n\n<figure class=\"wp-block-image\"><img decoding=\"async\" src=\"https:\/\/andreascloos.de\/wp-content\/uploads\/2019\/10\/20190903-IMG_20190903_102106-e1571847533901.jpg\" alt=\"\"\/><\/figure>\n\n\n\n<figure class=\"wp-block-image\"><img decoding=\"async\" src=\"https:\/\/andreascloos.de\/wp-content\/uploads\/2019\/10\/20190903-IMG_20190903_105424-e1571847543622.jpg\" alt=\"\"\/><\/figure>\n\n\n\n<figure class=\"wp-block-image\"><img decoding=\"async\" src=\"https:\/\/andreascloos.de\/wp-content\/uploads\/2019\/10\/20190904-IMG_0363-e1571847557739.jpg\" alt=\"\"\/><\/figure>\n\n\n\n<p><a href=\"https:\/\/www.komoot.de\/tour\/91819484\">https:\/\/www.komoot.de\/tour\/91819484<\/a><\/p>\n\n\n\n<p><a href=\"https:\/\/www.strava.com\/activities\/2681880582\">https:\/\/www.strava.com\/activities\/2681880582<\/a><\/p>\n","protected":false},"excerpt":{"rendered":"<p>Dienstag, 3.9.19, Etappe 4: Tj\u00e4tkja \u2013 S\u00e4lka, 13,4kmSehr fr\u00fch aus dem Zelt raus. Die Nacht war kalt, aber ok. Gut geschlafen, aber ich werde nachts immer mal wieder wach. Zum ersten Mal hatte ich die lange Unterw\u00e4sche an und mir unten \u00fcber den Schlafsack die zugezogene Steppjacke gezogen. Inklusive Fr\u00fchst\u00fcck und Zeltabbau bin ich schon [&hellip;]<\/p>\n","protected":false},"author":1,"featured_media":0,"comment_status":"open","ping_status":"open","sticky":false,"template":"","format":"standard","meta":{"ngg_post_thumbnail":0,"jetpack_post_was_ever_published":false,"_jetpack_newsletter_access":"","_jetpack_dont_email_post_to_subs":false,"_jetpack_newsletter_tier_id":0,"_jetpack_memberships_contains_paywalled_content":false,"_jetpack_memberships_contains_paid_content":false,"footnotes":"","jetpack_publicize_message":"","jetpack_publicize_feature_enabled":true,"jetpack_social_post_already_shared":true,"jetpack_social_options":{"image_generator_settings":{"template":"highway","default_image_id":0,"font":"","enabled":false},"version":2}},"categories":[1,129,130],"tags":[135,8,134,133],"class_list":["post-1614","post","type-post","status-publish","format-standard","hentry","category-reisen","category-sport-outdoor","category-wandern","tag-lappland","tag-reisen-2","tag-schweden","tag-wandern"],"jetpack_publicize_connections":[],"jetpack_featured_media_url":"","jetpack_sharing_enabled":true,"jetpack_shortlink":"https:\/\/wp.me\/p5l1cX-q2","_links":{"self":[{"href":"https:\/\/waldstattwlan.de\/index.php?rest_route=\/wp\/v2\/posts\/1614","targetHints":{"allow":["GET"]}}],"collection":[{"href":"https:\/\/waldstattwlan.de\/index.php?rest_route=\/wp\/v2\/posts"}],"about":[{"href":"https:\/\/waldstattwlan.de\/index.php?rest_route=\/wp\/v2\/types\/post"}],"author":[{"embeddable":true,"href":"https:\/\/waldstattwlan.de\/index.php?rest_route=\/wp\/v2\/users\/1"}],"replies":[{"embeddable":true,"href":"https:\/\/waldstattwlan.de\/index.php?rest_route=%2Fwp%2Fv2%2Fcomments&post=1614"}],"version-history":[{"count":1,"href":"https:\/\/waldstattwlan.de\/index.php?rest_route=\/wp\/v2\/posts\/1614\/revisions"}],"predecessor-version":[{"id":1615,"href":"https:\/\/waldstattwlan.de\/index.php?rest_route=\/wp\/v2\/posts\/1614\/revisions\/1615"}],"wp:attachment":[{"href":"https:\/\/waldstattwlan.de\/index.php?rest_route=%2Fwp%2Fv2%2Fmedia&parent=1614"}],"wp:term":[{"taxonomy":"category","embeddable":true,"href":"https:\/\/waldstattwlan.de\/index.php?rest_route=%2Fwp%2Fv2%2Fcategories&post=1614"},{"taxonomy":"post_tag","embeddable":true,"href":"https:\/\/waldstattwlan.de\/index.php?rest_route=%2Fwp%2Fv2%2Ftags&post=1614"}],"curies":[{"name":"wp","href":"https:\/\/api.w.org\/{rel}","templated":true}]}}