{"id":1610,"date":"2019-09-01T20:49:54","date_gmt":"2019-09-01T18:49:54","guid":{"rendered":"http:\/\/andibart.de\/?p=1610"},"modified":"2020-04-01T21:05:43","modified_gmt":"2020-04-01T19:05:43","slug":"eine-woche-auf-dem-noerdlichen-kungsleden-abiskojaure-allesjaure","status":"publish","type":"post","link":"https:\/\/waldstattwlan.de\/?p=1610","title":{"rendered":"Eine Woche auf dem n\u00f6rdlichen Kungsleden: Abiskojaure \u2013 Allesjaure"},"content":{"rendered":"\n<p><strong>Sonntag, 1.9.19, Etappe 2: Abiskojaure \u2013 Allesjaure, 21,4km<br><\/strong>Immer noch relativ warm, der Gang aufs Plumpsklo war dann auch keine Freude. Zum Ende der Saison hat sich dann da doch einigen angesammelt, was nicht so super riecht. Dieser Geruch aus Scheisse und Chemie wird mich in den kommenden Tagen begleiten\u2026 Nach dem Fr\u00fchst\u00fcck habe ich mein Zelt abgebaut und bin los.<br><br>Die K\u00f6nigsetappe mit \u00fcber 21km und lt. Komoot knapp 400hm (Strava meinte hinterher, es w\u00e4ren \u00fcber 600 gewesen). Puh, mal gucken, wie das heute wird. Vermutlich anstrengend \ud83d\ude09<\/p>\n\n\n\n<p>Weil das gestern mit den St\u00f6cken nicht gut funktioniert hat, sind sie heute am Rucksack geblieben. Ganz am Anfang h\u00e4tte ich mich fast verlaufen, weil ich auf den Winterweg abgebogen bin, hatte aber Gl\u00fcck, dass mir dort nach wenigen Metern schon zwei \u00e4ltere Ehepaare entgegen kamen, die mich \u201ewarnten\u201c, dass das im Sommer eine Sackgasse sei. Die beiden Paare w\u00fcrde ich im Laufe der Woche auch immer wieder sehen\u2026 Da ich ja wusste, dass es ein langer Tag sein w\u00fcrde, ich aber fr\u00fch losgelaufen war, habe ich mir Zeit lassen k\u00f6nnen und bin es gem\u00fctlich angegangen. Habe ja au\u00dfer den 21km heute eh nix anderes mehr vor. Die Wettervorhersage lt. yr.no von Samstag morgen f\u00fcr Montag war auch echt bescheiden (es soll den ganzen Tag regnen) und heute war das Wetter toll. Sehr windig, aber auch sehr sch\u00f6n. Also bin ich locker los und habe mir zwischendurch auch Zeit f\u00fcrs Genie\u00dfen und fotografieren genommen).<br><br>Es war so windig zwischendurch, dass ich auf den Holzbohlen immer mal wieder innehalten musste, weil der Wind mich sonst seitlich runtergeblasen h\u00e4tte. Der gro\u00dfe Rucksack bietet als Segel ja auch reichlich Angriffsfl\u00e4che. Unterwegs war ich mit Pausen ziemlich genau 7 Stunden und auch echt froh, dass ich am Ende \u00fcber den Aliseatnu-See endlich Allesjaure sehen konnte. Weiter wollte ich heute echt nicht mehr. Unterwegs habe ich das R\u00fcckteil des Rucksacks nochmal verl\u00e4ngert. Das war schon besser als vorher. Bis Nikkaluokta w\u00fcrde ich das noch ein oder zwei mal vorsichtig um je 1 cm tun, so dass er zum Ende der Wanderung wirklich gut passen wird.<br><br>Abends in Allesjaure angekommen war ich platt, aber nicht mehr, als 21km mit 22kg auf dem R\u00fccken es erlauben w\u00fcrden. Die gute Nachricht beim Einchecken war, dass die Wettervorsage sich ge\u00e4ndert hat. Der angek\u00fcndigte Sturm kommt nicht erst am Montag tags\u00fcber, sondern schon in der Nacht von Sonntag auf Montag. Tags\u00fcber soll es nunmehr eigentlich ganz gut werden. Hey, Sturm in der Nacht ist kein Thema, daf\u00fcr habe ich ja ein Akto. Wenn das den Sturm nicht aush\u00e4lt, dann fliegen auch andere Zelte weg.<br><br>Das Zelt habe ich dann in einer einigerma\u00dfen gesch\u00fctzten Ecke aufgebaut und mir dann erstmal ein Bier geholt und was zu essen gemacht. dabei dann unter anderem Heiko aus Schwaben getroffen, den ich auch in den kommenden Tagen immer wieder sehen w\u00fcrde. Die Nacht im Zelt war wg. des Sturms und des Regens unruhig, aber v\u00f6llig ok. Das Zelt hat sich auch nicht ger\u00fchrt, sondern stand erwartungsgem\u00e4\u00df wie eine 1. Alles gut.<\/p>\n\n\n\n<figure class=\"wp-block-image\"><img decoding=\"async\" src=\"https:\/\/andreascloos.de\/wp-content\/uploads\/2019\/10\/20190901-IMG_0150-e1571846710944.jpg\" alt=\"\"\/><\/figure>\n\n\n\n<figure class=\"wp-block-image\"><img decoding=\"async\" src=\"https:\/\/andreascloos.de\/wp-content\/uploads\/2019\/10\/20190901-IMG_0157-e1571846720920.jpg\" alt=\"\"\/><\/figure>\n\n\n\n<p><a href=\"https:\/\/www.komoot.de\/tour\/91819250\">https:\/\/www.komoot.de\/tour\/91819250<\/a><\/p>\n\n\n\n<p><a href=\"https:\/\/www.strava.com\/activities\/2681876949\">https:\/\/www.strava.com\/activities\/2681876949<\/a><\/p>\n","protected":false},"excerpt":{"rendered":"<p>Sonntag, 1.9.19, Etappe 2: Abiskojaure \u2013 Allesjaure, 21,4kmImmer noch relativ warm, der Gang aufs Plumpsklo war dann auch keine Freude. Zum Ende der Saison hat sich dann da doch einigen angesammelt, was nicht so super riecht. Dieser Geruch aus Scheisse und Chemie wird mich in den kommenden Tagen begleiten\u2026 Nach dem Fr\u00fchst\u00fcck habe ich mein [&hellip;]<\/p>\n","protected":false},"author":1,"featured_media":0,"comment_status":"open","ping_status":"open","sticky":false,"template":"","format":"standard","meta":{"ngg_post_thumbnail":0,"jetpack_post_was_ever_published":false,"_jetpack_newsletter_access":"","_jetpack_dont_email_post_to_subs":false,"_jetpack_newsletter_tier_id":0,"_jetpack_memberships_contains_paywalled_content":false,"_jetpack_memberships_contains_paid_content":false,"footnotes":"","jetpack_publicize_message":"","jetpack_publicize_feature_enabled":true,"jetpack_social_post_already_shared":true,"jetpack_social_options":{"image_generator_settings":{"template":"highway","default_image_id":0,"font":"","enabled":false},"version":2}},"categories":[1,129,130],"tags":[135,8,134,133],"class_list":["post-1610","post","type-post","status-publish","format-standard","hentry","category-reisen","category-sport-outdoor","category-wandern","tag-lappland","tag-reisen-2","tag-schweden","tag-wandern"],"jetpack_publicize_connections":[],"jetpack_featured_media_url":"","jetpack_sharing_enabled":true,"jetpack_shortlink":"https:\/\/wp.me\/p5l1cX-pY","_links":{"self":[{"href":"https:\/\/waldstattwlan.de\/index.php?rest_route=\/wp\/v2\/posts\/1610","targetHints":{"allow":["GET"]}}],"collection":[{"href":"https:\/\/waldstattwlan.de\/index.php?rest_route=\/wp\/v2\/posts"}],"about":[{"href":"https:\/\/waldstattwlan.de\/index.php?rest_route=\/wp\/v2\/types\/post"}],"author":[{"embeddable":true,"href":"https:\/\/waldstattwlan.de\/index.php?rest_route=\/wp\/v2\/users\/1"}],"replies":[{"embeddable":true,"href":"https:\/\/waldstattwlan.de\/index.php?rest_route=%2Fwp%2Fv2%2Fcomments&post=1610"}],"version-history":[{"count":1,"href":"https:\/\/waldstattwlan.de\/index.php?rest_route=\/wp\/v2\/posts\/1610\/revisions"}],"predecessor-version":[{"id":1611,"href":"https:\/\/waldstattwlan.de\/index.php?rest_route=\/wp\/v2\/posts\/1610\/revisions\/1611"}],"wp:attachment":[{"href":"https:\/\/waldstattwlan.de\/index.php?rest_route=%2Fwp%2Fv2%2Fmedia&parent=1610"}],"wp:term":[{"taxonomy":"category","embeddable":true,"href":"https:\/\/waldstattwlan.de\/index.php?rest_route=%2Fwp%2Fv2%2Fcategories&post=1610"},{"taxonomy":"post_tag","embeddable":true,"href":"https:\/\/waldstattwlan.de\/index.php?rest_route=%2Fwp%2Fv2%2Ftags&post=1610"}],"curies":[{"name":"wp","href":"https:\/\/api.w.org\/{rel}","templated":true}]}}